{"id":2180,"date":"2023-01-19T11:27:27","date_gmt":"2023-01-19T10:27:27","guid":{"rendered":"https:\/\/petitschanteurs-angers.fr\/?p=2180"},"modified":"2025-01-22T11:21:46","modified_gmt":"2025-01-22T10:21:46","slug":"prochaine-prestation","status":"publish","type":"post","link":"https:\/\/petitschanteurs-angers.fr\/index.php\/prochaine-prestation\/","title":{"rendered":"Prochaine prestation"},"content":{"rendered":"<p>&nbsp;<\/p>\n<p>&nbsp;<\/p>\n<p><a href=\"http:\/\/petitschanteurs-angers.fr\/wp-content\/uploads\/2023\/01\/A4-Concert-Janvier-PCC-CLAO_page-0001.jpg\"><img loading=\"lazy\" decoding=\"async\" class=\"aligncenter size-full wp-image-2541\" src=\"http:\/\/petitschanteurs-angers.fr\/wp-content\/uploads\/2023\/01\/A4-Concert-Janvier-PCC-CLAO_page-0001.jpg\" alt=\"\" width=\"1754\" height=\"2481\" srcset=\"https:\/\/petitschanteurs-angers.fr\/wp-content\/uploads\/2023\/01\/A4-Concert-Janvier-PCC-CLAO_page-0001.jpg 1754w, https:\/\/petitschanteurs-angers.fr\/wp-content\/uploads\/2023\/01\/A4-Concert-Janvier-PCC-CLAO_page-0001-212x300.jpg 212w, https:\/\/petitschanteurs-angers.fr\/wp-content\/uploads\/2023\/01\/A4-Concert-Janvier-PCC-CLAO_page-0001-724x1024.jpg 724w, https:\/\/petitschanteurs-angers.fr\/wp-content\/uploads\/2023\/01\/A4-Concert-Janvier-PCC-CLAO_page-0001-1086x1536.jpg 1086w, https:\/\/petitschanteurs-angers.fr\/wp-content\/uploads\/2023\/01\/A4-Concert-Janvier-PCC-CLAO_page-0001-1448x2048.jpg 1448w\" sizes=\"auto, (max-width: 1754px) 100vw, 1754px\" \/><\/a><\/p>\n<p>Les Petits Chanteurs de la Cit\u00e9 accueillent le Ch\u0153ur d&rsquo;Enfants La Salle An Oriant de Lorient. Particularit\u00e9 de ce concert ? Nous retrouvons Vincent Corlay leur chef de ch\u0153ur, c&rsquo;est lui qui a cr\u00e9\u00e9 les Petits Chanteurs de la Cit\u00e9 il y a plus de 30 ans. Nous vous attendons pour ces belles retrouvailles.<\/p>\n<p>&nbsp;<\/p>\n<p>&nbsp;<\/p>\n<p>&nbsp;<\/p>\n<p>&nbsp;<\/p>\n<p>&nbsp;<\/p>\n<p>&nbsp;<\/p>\n<p>&nbsp;<\/p>\n<p>&nbsp;<\/p>\n","protected":false},"excerpt":{"rendered":"<p>&nbsp; &nbsp; Les Petits Chanteurs de la Cit\u00e9 accueillent le Ch\u0153ur d&rsquo;Enfants La Salle An Oriant de Lorient. Particularit\u00e9 de ce concert ? Nous retrouvons Vincent Corlay leur chef de ch\u0153ur, c&rsquo;est lui qui a cr\u00e9\u00e9 les Petits Chanteurs de la Cit\u00e9 il y a plus de 30 ans. Nous vous attendons pour ces belles<a href=\"https:\/\/petitschanteurs-angers.fr\/index.php\/prochaine-prestation\/\">[&#8230;]<\/a><\/p>\n","protected":false},"author":1,"featured_media":2541,"comment_status":"open","ping_status":"open","sticky":false,"template":"","format":"image","meta":{"footnotes":"","_links_to":"","_links_to_target":""},"categories":[1],"tags":[],"class_list":["post-2180","post","type-post","status-publish","format-image","has-post-thumbnail","hentry","category-non-classe","post_format-post-format-image"],"aioseo_notices":[],"_links":{"self":[{"href":"https:\/\/petitschanteurs-angers.fr\/index.php\/wp-json\/wp\/v2\/posts\/2180","targetHints":{"allow":["GET"]}}],"collection":[{"href":"https:\/\/petitschanteurs-angers.fr\/index.php\/wp-json\/wp\/v2\/posts"}],"about":[{"href":"https:\/\/petitschanteurs-angers.fr\/index.php\/wp-json\/wp\/v2\/types\/post"}],"author":[{"embeddable":true,"href":"https:\/\/petitschanteurs-angers.fr\/index.php\/wp-json\/wp\/v2\/users\/1"}],"replies":[{"embeddable":true,"href":"https:\/\/petitschanteurs-angers.fr\/index.php\/wp-json\/wp\/v2\/comments?post=2180"}],"version-history":[{"count":22,"href":"https:\/\/petitschanteurs-angers.fr\/index.php\/wp-json\/wp\/v2\/posts\/2180\/revisions"}],"predecessor-version":[{"id":2544,"href":"https:\/\/petitschanteurs-angers.fr\/index.php\/wp-json\/wp\/v2\/posts\/2180\/revisions\/2544"}],"wp:featuredmedia":[{"embeddable":true,"href":"https:\/\/petitschanteurs-angers.fr\/index.php\/wp-json\/wp\/v2\/media\/2541"}],"wp:attachment":[{"href":"https:\/\/petitschanteurs-angers.fr\/index.php\/wp-json\/wp\/v2\/media?parent=2180"}],"wp:term":[{"taxonomy":"category","embeddable":true,"href":"https:\/\/petitschanteurs-angers.fr\/index.php\/wp-json\/wp\/v2\/categories?post=2180"},{"taxonomy":"post_tag","embeddable":true,"href":"https:\/\/petitschanteurs-angers.fr\/index.php\/wp-json\/wp\/v2\/tags?post=2180"}],"curies":[{"name":"wp","href":"https:\/\/api.w.org\/{rel}","templated":true}]}}